{"id":97,"date":"2006-02-06T17:38:55","date_gmt":"2006-02-06T17:38:55","guid":{"rendered":""},"modified":"2010-03-13T14:24:32","modified_gmt":"2010-03-13T13:24:32","slug":"gewahrt-und-entschuldigt","status":"publish","type":"post","link":"https:\/\/mentalschnupfen.org\/?p=97","title":{"rendered":"Gew\u00e4hrt und entschuldigt"},"content":{"rendered":"<p>Bei <a href=\"http:\/\/weblog.plasticthinking.org\">Moe<\/a> gibt es eine inzwischen recht ausgedehnte Diskussion zum Thema (und Artikel) <i><a href=\"http:\/\/weblog.plasticthinking.org\/item\/2006\/2\/3\/pressefreiheit\">Pressefreiheit<\/a><\/i>. Ich habe gerade nochmal <a href=\"http:\/\/weblog.plasticthinking.org\/item\/2006\/2\/3\/pressefreiheit#11764\">einen Kommentar<\/a> dort hinterlassen, in dem ich erneut etwas \u00fcber mein Verst\u00e4ndnis von Presse-, Rede-, Kunst- und Meinungsfreiheit geschrieben habe. Einen Ausschnitt m\u00f6chte ich gerne auch hier noch unterbringen:<\/p>\n<p><cite>Ich bef\u00fcrchte aber, da\u00df, wenn beklagt wird, etwas werde mit der Pressefreiheit 'entschuldigt', das Ganze letztlich auf eine Entschuldigung f\u00fcr die Pressefreiheit hinausl\u00e4uft. Oder f\u00fcr Meinungs-, Kunst-, Redefreiheit - was auch immer. Diese Freiheiten 'entschuldigen' n\u00e4mlich nichts; sie gew\u00e4hren Rechte, deren Inanspruchnahme eben darum keiner Entschuldigung mehr bedarf, weil sie gew\u00e4hrt werden. Die Freiheiten entschuldigen gar nichts.<\/cite><\/p>\n","protected":false},"excerpt":{"rendered":"<p>Bei Moe gibt es eine inzwischen recht ausgedehnte Diskussion zum Thema (und Artikel) Pressefreiheit. Ich habe gerade nochmal einen Kommentar dort hinterlassen, in dem ich erneut etwas \u00fcber mein Verst\u00e4ndnis von Presse-, Rede-, Kunst- und Meinungsfreiheit geschrieben habe. Einen Ausschnitt m\u00f6chte ich gerne auch hier noch unterbringen: Ich bef\u00fcrchte aber, da\u00df, wenn beklagt wird, etwas&#8230; <a href=\"https:\/\/mentalschnupfen.org\/?p=97\" class=\"more-link\">Continue reading <span class=\"screen-reader-text\">Gew\u00e4hrt und entschuldigt<\/span><\/a><\/p>\n","protected":false},"author":2,"featured_media":0,"comment_status":"open","ping_status":"open","sticky":false,"template":"","format":"standard","meta":[],"categories":[1],"tags":[],"_links":{"self":[{"href":"https:\/\/mentalschnupfen.org\/index.php?rest_route=\/wp\/v2\/posts\/97"}],"collection":[{"href":"https:\/\/mentalschnupfen.org\/index.php?rest_route=\/wp\/v2\/posts"}],"about":[{"href":"https:\/\/mentalschnupfen.org\/index.php?rest_route=\/wp\/v2\/types\/post"}],"author":[{"embeddable":true,"href":"https:\/\/mentalschnupfen.org\/index.php?rest_route=\/wp\/v2\/users\/2"}],"replies":[{"embeddable":true,"href":"https:\/\/mentalschnupfen.org\/index.php?rest_route=%2Fwp%2Fv2%2Fcomments&post=97"}],"version-history":[{"count":0,"href":"https:\/\/mentalschnupfen.org\/index.php?rest_route=\/wp\/v2\/posts\/97\/revisions"}],"wp:attachment":[{"href":"https:\/\/mentalschnupfen.org\/index.php?rest_route=%2Fwp%2Fv2%2Fmedia&parent=97"}],"wp:term":[{"taxonomy":"category","embeddable":true,"href":"https:\/\/mentalschnupfen.org\/index.php?rest_route=%2Fwp%2Fv2%2Fcategories&post=97"},{"taxonomy":"post_tag","embeddable":true,"href":"https:\/\/mentalschnupfen.org\/index.php?rest_route=%2Fwp%2Fv2%2Ftags&post=97"}],"curies":[{"name":"wp","href":"https:\/\/api.w.org\/{rel}","templated":true}]}}