{"id":91,"date":"2006-02-04T22:53:35","date_gmt":"2006-02-04T22:53:35","guid":{"rendered":""},"modified":"2010-03-13T14:24:32","modified_gmt":"2010-03-13T13:24:32","slug":"meint-er-das-so","status":"publish","type":"post","link":"https:\/\/mentalschnupfen.org\/?p=91","title":{"rendered":"Meint er das so?"},"content":{"rendered":"<p>Ich frage mich gerade, ob Oswald Metzger das, was er <a href=\"http:\/\/blog.focus.msn.de\/metzger\/archives\/99\">schreibt<\/a>, auch meint:<\/p>\n<p><cite><br \/>\n<b>Karikaturenstreit: Respekt und Toleranz statt Volksverhetzung!<\/b><br \/>\n[...]<br \/>\nGerade wir Europ\u00e4er mit unserer selbst so hoch gelobten abendl\u00e4ndischen Kultur haben h\u00e4ufig genug mit Schwert und Feuer gez\u00fcndelt &#8211; in den Feldz\u00fcgen zur Christianisierung der arabischen Welt im Mittelalter beispielsweise. Gerade wir Deutschen haben im vergangenen Jahrhundert eine Verhetzung gegen religi\u00f6se und andersdenkende Minderheiten betrieben oder zumindest geduldet, die im nationalsozialistischen Genozid endete.<\/p>\n<p>Wir sitzen im Glashaus und sollten uns deshalb vor Rechthaberei h\u00fcten. Wenn wir aus der europ\u00e4ischen Geschichte gelernt h\u00e4tten, m\u00fcssten wir &#8211; ohne Tabus und mit dem Mut zur toleranten Auseinandersetzung &#8211; alles daf\u00fcr tun, den Hass zwischen den Religionen und Kulturen nicht zu sch\u00fcren, sondern zu deeskalieren.  Das Verhetzungspotential in dieser einen Welt ist extrem hoch, wie die \u00dcbergriffe radikaler Islamisten auf d\u00e4nische Einrichtungen in der arabischen Welt unter Beweis stellen. Rassistische Brandherde lassen sich sehr schwer l\u00f6schen, wenn die Volksseele erst mal richtig kocht.<\/cite><\/p>\n<p>Metzger fordert, da\u00df Volksverhetzung unterbleiben solle. D'accord. Da\u00df die Karikaturen, um die es ja auch hier wieder geht, ein Musterbeispiel f\u00fcr Volksverhetzung seien, ist offenbar eine konsensf\u00e4hige Meinung. Nicht d'accord. Oder zumindest stellt sich mir die Frage: Welches Volk sollte verhetzt werden, und wer ist jetzt offenbar verhetzt? Und wie hat Metzger das gemeint?<br \/>\nIn Metzgers Text erscheinen pl\u00f6tzlich die Karikaturisten als die Betreiber der Eskalation, nicht mehr der aufgebrachte Mob; eine Ver\u00f6ffentlichung in einer Zeitung erscheint als der furchtbarste Ausdruck von Intoleranz, als die Krankheit; die islamistischen \u00dcbergriffe dagegen als das unvermeidliche Symptom: Die Islamisten sind nun mal so; wir m\u00fcssen das respektieren. Wir waren ja auch mal so, bevor unsere Volksseele sich beruhigt hat. Schweiget stille und reizet euren Nachbarn nicht zum Zorne.<\/p>\n<p>Metzgers Beitrag ist ein Musterbeispiel daf\u00fcr, wie man westliche Arroganz mit westlicher Duckm\u00e4userei galant vereinen und das Ganze dann als aufgekl\u00e4rte, tolerante Position verkaufen kann.<\/p>\n<p>Ich frage mich wirklich, ob Oswald Metzger das, was er da schreibt, auch meint.<\/p>\n","protected":false},"excerpt":{"rendered":"<p>Ich frage mich gerade, ob Oswald Metzger das, was er schreibt, auch meint: Karikaturenstreit: Respekt und Toleranz statt Volksverhetzung! [...] Gerade wir Europ\u00e4er mit unserer selbst so hoch gelobten abendl\u00e4ndischen Kultur haben h\u00e4ufig genug mit Schwert und Feuer gez\u00fcndelt &#8211; in den Feldz\u00fcgen zur Christianisierung der arabischen Welt im Mittelalter beispielsweise. Gerade wir Deutschen haben&#8230; <a href=\"https:\/\/mentalschnupfen.org\/?p=91\" class=\"more-link\">Continue reading <span class=\"screen-reader-text\">Meint er das so?<\/span><\/a><\/p>\n","protected":false},"author":2,"featured_media":0,"comment_status":"open","ping_status":"open","sticky":false,"template":"","format":"standard","meta":[],"categories":[1],"tags":[],"_links":{"self":[{"href":"https:\/\/mentalschnupfen.org\/index.php?rest_route=\/wp\/v2\/posts\/91"}],"collection":[{"href":"https:\/\/mentalschnupfen.org\/index.php?rest_route=\/wp\/v2\/posts"}],"about":[{"href":"https:\/\/mentalschnupfen.org\/index.php?rest_route=\/wp\/v2\/types\/post"}],"author":[{"embeddable":true,"href":"https:\/\/mentalschnupfen.org\/index.php?rest_route=\/wp\/v2\/users\/2"}],"replies":[{"embeddable":true,"href":"https:\/\/mentalschnupfen.org\/index.php?rest_route=%2Fwp%2Fv2%2Fcomments&post=91"}],"version-history":[{"count":0,"href":"https:\/\/mentalschnupfen.org\/index.php?rest_route=\/wp\/v2\/posts\/91\/revisions"}],"wp:attachment":[{"href":"https:\/\/mentalschnupfen.org\/index.php?rest_route=%2Fwp%2Fv2%2Fmedia&parent=91"}],"wp:term":[{"taxonomy":"category","embeddable":true,"href":"https:\/\/mentalschnupfen.org\/index.php?rest_route=%2Fwp%2Fv2%2Fcategories&post=91"},{"taxonomy":"post_tag","embeddable":true,"href":"https:\/\/mentalschnupfen.org\/index.php?rest_route=%2Fwp%2Fv2%2Ftags&post=91"}],"curies":[{"name":"wp","href":"https:\/\/api.w.org\/{rel}","templated":true}]}}