{"id":89,"date":"2006-02-04T18:40:46","date_gmt":"2006-02-04T18:40:46","guid":{"rendered":""},"modified":"2010-03-13T14:24:32","modified_gmt":"2010-03-13T13:24:32","slug":"deutungshoheit","status":"publish","type":"post","link":"https:\/\/mentalschnupfen.org\/?p=89","title":{"rendered":"Deutungshoheit"},"content":{"rendered":"<p><cite><b>Es ist Zeit, dass die Fundamentalisten die Deutungshoheit \u00fcber den Islam verlieren<\/b><br \/>\n[...]<br \/>\nW\u00e4hrend wir Muslime stets Gleichberechtigung verlangen und dem Westen Doppelmoral vorwerfen, verwandeln wir uns immer mehr selbst zu Faschisten, die f\u00fcr sich Sonderrechte an jeder Ecke verlangen. Wenn in Europa Karikaturen \u00fcber den christlichen Propheten Jesus m\u00f6glich sind, sind sie auch \u00fcber den muslimischen Propheten Mohammed erlaubt. Aus welchen Gr\u00fcnden sollten wir eine spezielle Behandlung bekommen; ist denn unser Blut roter als das der anderen?<\/cite><br \/>\n[<a href=\"http:\/\/www.tagesspiegel.de\/meinung\/archiv\/03.02.2006\/2328985.asp\">Tagesspiegel<\/a>]<\/p>\n<p>Mich beschleicht immer h\u00e4ufiger das Gef\u00fchl, da\u00df gerade jene Nicht-Muslime, die sich lautstark <s>dar\u00fcber beschweren<\/s> daf\u00fcr einsetzen, da\u00df man 'die Muslime', die nunmal <a href=\"http:\/\/weblog.plasticthinking.org\/item\/2006\/2\/3\/pressefreiheit#11733\">oft null Spa\u00df verstehen<\/a> doch bitte nicht reizen und beleidigen sollte (ara: Alles unterlassen, das sie beleidigen k\u00f6nnte?) genau das tun, was man auf keinen Fall tun sollte: 'Die Muslime' alle in einen Topf werfen und kr\u00e4ftig durchr\u00fchren.<br \/>\nHat mal jemand dar\u00fcber nachgedacht, da\u00df dieses Verhalten vielleicht vor allem dazu dient, den Fundamentalisten den R\u00fccken zu st\u00e4rken, w\u00e4hrend sich die Liberalen immer weniger trauen, eigenes Profil zu zeigen? Sie haben ja nicht nur die muslimischen Fundamentalisten, sie haben offenbar auch noch all diejenigen Nicht-Muslime gegen sich, die nichts mehr scheuen, als sich dem Verdacht der Intoleranz auszusetzen, weil sie Intoleranz nicht tolerieren.<\/p>\n","protected":false},"excerpt":{"rendered":"<p>Es ist Zeit, dass die Fundamentalisten die Deutungshoheit \u00fcber den Islam verlieren [...] W\u00e4hrend wir Muslime stets Gleichberechtigung verlangen und dem Westen Doppelmoral vorwerfen, verwandeln wir uns immer mehr selbst zu Faschisten, die f\u00fcr sich Sonderrechte an jeder Ecke verlangen. Wenn in Europa Karikaturen \u00fcber den christlichen Propheten Jesus m\u00f6glich sind, sind sie auch \u00fcber&#8230; <a href=\"https:\/\/mentalschnupfen.org\/?p=89\" class=\"more-link\">Continue reading <span class=\"screen-reader-text\">Deutungshoheit<\/span><\/a><\/p>\n","protected":false},"author":2,"featured_media":0,"comment_status":"open","ping_status":"open","sticky":false,"template":"","format":"standard","meta":[],"categories":[1],"tags":[],"_links":{"self":[{"href":"https:\/\/mentalschnupfen.org\/index.php?rest_route=\/wp\/v2\/posts\/89"}],"collection":[{"href":"https:\/\/mentalschnupfen.org\/index.php?rest_route=\/wp\/v2\/posts"}],"about":[{"href":"https:\/\/mentalschnupfen.org\/index.php?rest_route=\/wp\/v2\/types\/post"}],"author":[{"embeddable":true,"href":"https:\/\/mentalschnupfen.org\/index.php?rest_route=\/wp\/v2\/users\/2"}],"replies":[{"embeddable":true,"href":"https:\/\/mentalschnupfen.org\/index.php?rest_route=%2Fwp%2Fv2%2Fcomments&post=89"}],"version-history":[{"count":0,"href":"https:\/\/mentalschnupfen.org\/index.php?rest_route=\/wp\/v2\/posts\/89\/revisions"}],"wp:attachment":[{"href":"https:\/\/mentalschnupfen.org\/index.php?rest_route=%2Fwp%2Fv2%2Fmedia&parent=89"}],"wp:term":[{"taxonomy":"category","embeddable":true,"href":"https:\/\/mentalschnupfen.org\/index.php?rest_route=%2Fwp%2Fv2%2Fcategories&post=89"},{"taxonomy":"post_tag","embeddable":true,"href":"https:\/\/mentalschnupfen.org\/index.php?rest_route=%2Fwp%2Fv2%2Ftags&post=89"}],"curies":[{"name":"wp","href":"https:\/\/api.w.org\/{rel}","templated":true}]}}