{"id":53,"date":"2005-08-16T12:39:38","date_gmt":"2005-08-16T12:39:38","guid":{"rendered":""},"modified":"2010-03-13T14:24:32","modified_gmt":"2010-03-13T13:24:32","slug":"feuer-mit-feuer-bekampfen","status":"publish","type":"post","link":"https:\/\/mentalschnupfen.org\/?p=53","title":{"rendered":"Feuer mit Feuer bek\u00e4mpfen?"},"content":{"rendered":"<p>\"Kauder k\u00fcndigte zudem an, die  Union wolle im Falle eines Wahlsiegs die Stelle eines Beauftragten f\u00fcr B\u00fcrokratieabbau schaffen.\"<\/p>\n<p>\"Althaus selbst h\u00e4lt dagegen einen eigens f\u00fcr Ostdeutschland zust\u00e4ndigen Minister in einem Kabinett Merkel nicht f\u00fcr n\u00f6tig. 'Es muss keinen speziellen Ost-Minister, kein Ost-Ministerium geben', sagte er der 'Leipziger Volkszeitung'.\"<\/p>\n<p>[<a href=\"http:\/\/www.faz.net\/s\/Rub192E771724394C43A3088F746A7E2CD0\/Doc~E6C940F686D794359844AD310B23BE2B0~ATpl~Ecommon~Scontent.html\">FAZ.NET<\/a>]<\/p>\n<p>Wir fragen uns gerade, ob wir die Schaffung einer eigenen Stelle \"eines Beauftragten f\u00fcr B\u00fcrokratieabbau\" f\u00fcr paradox halten m\u00fcssen. Wie soll das funktionieren? Wird jeder neue Gesetzesentwurf erst dem Beauftragten vorgelegt werden m\u00fcssen, damit der entscheiden kann, ob das gute St\u00fcck auch unb\u00fcrokratisch genug ist? Es ist zwar guter Wille erkennbar, aber 'Beauftragter f\u00fcr B\u00fcrokratieabbau' klingt jedenfalls schon mal seltsam.<br \/>\nUnd ein Ost-Beauftragter? Wie w\u00e4r's mit Stoiber - der ist wenigstens nicht zu zimperlich? <\/p>\n<p>Zuviel Aktionismus und zuwenig Aktion, das alte Problem; schade eigentlich.<\/p>\n","protected":false},"excerpt":{"rendered":"<p>\"Kauder k\u00fcndigte zudem an, die Union wolle im Falle eines Wahlsiegs die Stelle eines Beauftragten f\u00fcr B\u00fcrokratieabbau schaffen.\" \"Althaus selbst h\u00e4lt dagegen einen eigens f\u00fcr Ostdeutschland zust\u00e4ndigen Minister in einem Kabinett Merkel nicht f\u00fcr n\u00f6tig. 'Es muss keinen speziellen Ost-Minister, kein Ost-Ministerium geben', sagte er der 'Leipziger Volkszeitung'.\" [FAZ.NET] Wir fragen uns gerade, ob wir&#8230; <a href=\"https:\/\/mentalschnupfen.org\/?p=53\" class=\"more-link\">Continue reading <span class=\"screen-reader-text\">Feuer mit Feuer bek\u00e4mpfen?<\/span><\/a><\/p>\n","protected":false},"author":2,"featured_media":0,"comment_status":"open","ping_status":"open","sticky":false,"template":"","format":"standard","meta":[],"categories":[1],"tags":[],"_links":{"self":[{"href":"https:\/\/mentalschnupfen.org\/index.php?rest_route=\/wp\/v2\/posts\/53"}],"collection":[{"href":"https:\/\/mentalschnupfen.org\/index.php?rest_route=\/wp\/v2\/posts"}],"about":[{"href":"https:\/\/mentalschnupfen.org\/index.php?rest_route=\/wp\/v2\/types\/post"}],"author":[{"embeddable":true,"href":"https:\/\/mentalschnupfen.org\/index.php?rest_route=\/wp\/v2\/users\/2"}],"replies":[{"embeddable":true,"href":"https:\/\/mentalschnupfen.org\/index.php?rest_route=%2Fwp%2Fv2%2Fcomments&post=53"}],"version-history":[{"count":0,"href":"https:\/\/mentalschnupfen.org\/index.php?rest_route=\/wp\/v2\/posts\/53\/revisions"}],"wp:attachment":[{"href":"https:\/\/mentalschnupfen.org\/index.php?rest_route=%2Fwp%2Fv2%2Fmedia&parent=53"}],"wp:term":[{"taxonomy":"category","embeddable":true,"href":"https:\/\/mentalschnupfen.org\/index.php?rest_route=%2Fwp%2Fv2%2Fcategories&post=53"},{"taxonomy":"post_tag","embeddable":true,"href":"https:\/\/mentalschnupfen.org\/index.php?rest_route=%2Fwp%2Fv2%2Ftags&post=53"}],"curies":[{"name":"wp","href":"https:\/\/api.w.org\/{rel}","templated":true}]}}