{"id":315,"date":"2007-11-30T03:04:17","date_gmt":"2007-11-30T03:04:17","guid":{"rendered":""},"modified":"2010-03-13T14:24:32","modified_gmt":"2010-03-13T13:24:32","slug":"pladoyer","status":"publish","type":"post","link":"https:\/\/mentalschnupfen.org\/?p=315","title":{"rendered":"Pl\u00e4doyer"},"content":{"rendered":"<p><cite>Wieso habe ich ein flaues Gef\u00fchl wenn ich eine kritische Frage auf Abgeordnetenwatch stelle und gleichzeitig die Verfassungsklage gegen die Vorratsdatenspeicherung unterschreibe? Wieso habe ich das Gef\u00fchl, dass ich mich verd\u00e4chtig machen k\u00f6nnte, sollte ich anfangen meine Mails oder meine Festplatte zu verschl\u00fcsseln?<\/p>\n<p>Vielleicht weil zumindest die Verfolgungsbeh\u00f6rden Verschl\u00fcsselung als Verdachtsmoment ansehen und weil staatliche Websites schon seit 2001 im gro\u00dfen Stil als Honeypots verwendet wurden um IP-Adressen zu sammeln.<\/cite><\/p>\n<p>Aus einem ausgezeichneten Artikel von Bj\u00f6rn: \"<a href=\"http:\/\/agitpopblog.org\/index.php\/?p=406\">Notizen aus dem State of Paranoia<\/a>\". Da ich freien Menschen nicht wild Befehle erteile, bleibt der Lesebefehl (lang, aber lohnt sich) allerdings aus.<br \/>\nEine Anmerkung habe ich jedoch, betreffend die Bemerkung: \"Vielleicht weil zumindest die Verfolgungsbeh\u00f6rden Verschl\u00fcsselung als Verdachtsmoment ansehen\" - die Antwort auf die entsprechende Frage lautet n\u00e4mlich: <i>Eben deshalb<\/i>. Genau deshalb, weil Verschl\u00fcsselung bisher noch das Privatvergn\u00fcgen einiger weniger, die der albernen Idee verfallen sind, auch Emails k\u00f6nnten Briefumschl\u00e4ge vertragen und einer handvoll Terroristen ist. Eben deshalb weil, je mehr Leute Verschl\u00fcsselung einsetzen, jedes angenommen Verdachtsmoment umso unsinniger wird. Auch deshalb, weil manche, mich eingeschlossen, es angesichts der derzeitigen Situation mehr und mehr <a href=\"http:\/\/mentalschnupfen.org\/item\/266\">als Unversch\u00e4mtheit<\/a> empfinden, nicht nur fast jede Email als Postkarte zu empfangen, sondern die Antwort auch noch als solche versenden zu m\u00fcssen.<\/p>\n<p><i>Genau deshalb.<\/i><\/p>\n<p>Die Installationsh\u00fcrde zu nehmen, mu\u00df man einfach verlangen k\u00f6nnen. Anleitungen gibt es z.B. <a href=\"http:\/\/www.uni-kassel.de\/security\/pgp\/manuals\/pgp-windows\/\">hier<\/a>.<\/p>\n","protected":false},"excerpt":{"rendered":"<p>Wieso habe ich ein flaues Gef\u00fchl wenn ich eine kritische Frage auf Abgeordnetenwatch stelle und gleichzeitig die Verfassungsklage gegen die Vorratsdatenspeicherung unterschreibe? Wieso habe ich das Gef\u00fchl, dass ich mich verd\u00e4chtig machen k\u00f6nnte, sollte ich anfangen meine Mails oder meine Festplatte zu verschl\u00fcsseln? Vielleicht weil zumindest die Verfolgungsbeh\u00f6rden Verschl\u00fcsselung als Verdachtsmoment ansehen und weil staatliche&#8230; <a href=\"https:\/\/mentalschnupfen.org\/?p=315\" class=\"more-link\">Continue reading <span class=\"screen-reader-text\">Pl\u00e4doyer<\/span><\/a><\/p>\n","protected":false},"author":2,"featured_media":0,"comment_status":"open","ping_status":"open","sticky":false,"template":"","format":"standard","meta":[],"categories":[1],"tags":[],"_links":{"self":[{"href":"https:\/\/mentalschnupfen.org\/index.php?rest_route=\/wp\/v2\/posts\/315"}],"collection":[{"href":"https:\/\/mentalschnupfen.org\/index.php?rest_route=\/wp\/v2\/posts"}],"about":[{"href":"https:\/\/mentalschnupfen.org\/index.php?rest_route=\/wp\/v2\/types\/post"}],"author":[{"embeddable":true,"href":"https:\/\/mentalschnupfen.org\/index.php?rest_route=\/wp\/v2\/users\/2"}],"replies":[{"embeddable":true,"href":"https:\/\/mentalschnupfen.org\/index.php?rest_route=%2Fwp%2Fv2%2Fcomments&post=315"}],"version-history":[{"count":0,"href":"https:\/\/mentalschnupfen.org\/index.php?rest_route=\/wp\/v2\/posts\/315\/revisions"}],"wp:attachment":[{"href":"https:\/\/mentalschnupfen.org\/index.php?rest_route=%2Fwp%2Fv2%2Fmedia&parent=315"}],"wp:term":[{"taxonomy":"category","embeddable":true,"href":"https:\/\/mentalschnupfen.org\/index.php?rest_route=%2Fwp%2Fv2%2Fcategories&post=315"},{"taxonomy":"post_tag","embeddable":true,"href":"https:\/\/mentalschnupfen.org\/index.php?rest_route=%2Fwp%2Fv2%2Ftags&post=315"}],"curies":[{"name":"wp","href":"https:\/\/api.w.org\/{rel}","templated":true}]}}