{"id":202,"date":"2006-08-30T00:21:45","date_gmt":"2006-08-30T00:21:45","guid":{"rendered":""},"modified":"2010-03-13T14:24:32","modified_gmt":"2010-03-13T13:24:32","slug":"neue-fahne-fur-das-reich","status":"publish","type":"post","link":"https:\/\/mentalschnupfen.org\/?p=202","title":{"rendered":"Neue Fahne f\u00fcr das Reich"},"content":{"rendered":"<p>Im Laufe der vergangenen FIFA<i>wm<\/i> mu\u00dfte sich das Deutsche Reich einem \u00fcberbrodelnden nationalistischen Mob ausgesetzt sehen, der noch die hintersten Winkel des Reiches in ein schwarz-rot-goldenes Flaggenmeer von nahtloser Br\u00e4une verwandelte, sich selbst frenetisch feierte und am Ende doch nur mit dem 3. Platz sich begn\u00fcgen mu\u00dfte. Die Heldin der Stunde war damals die s\u00e4chsische Landtagsabgeordnete Julia Bonk (PDS), die sich tapfer und unter Einsatz ihres Leumundes daf\u00fcr stark machte, <a href=\"http:\/\/www.faz.net\/s\/RubFC06D389EE76479E9E76425072B196C3\/Doc~ED77B178E5AEA4A268A85F9163EE5F04A~ATpl~Ecommon~Scontent.html\">die Fahnen von der Stra\u00dfe zu holen<\/a>.<br \/>\nTats\u00e4chlich sind die derzeitigen Farben des Reiches an Geschmacklosigkeit kaum zu \u00fcberbieten, stand doch das <a href=\"http:\/\/de.wikipedia.org\/wiki\/L%C3%BCtzowsches_Freikorps\">L\u00fctzow'sche Freikorps<\/a> schon lange vor 1939 im Kriege mit Frankreich, weshalb es freilich nur als eine der logisch notwendigen Etappen in der nahtlosen, von \u00fcberraschender Kontinuit\u00e4t gepr\u00e4gten Geschichte urdeutscher Aggressivit\u00e4t gesehen werden darf. Daher haben wir bei <i>mentalschnupfen.org<\/i> uns zum Ziel gesetzt, eine neue Reichsfahne zu entwerfen, die streng antifaschistisch und politisch korrekt sein soll, damit sie zu jedem Anla\u00df ohne Weiteres freudig geschwenkt werden kann. Unsere Bem\u00fchungen sind nun an einem Ende angelangt, und wir d\u00fcrfen unseren Entwurf pr\u00e4sentieren. Er st\u00fctzt sich auf ein stilvolles, zeitloses Design und gl\u00e4nzt durch intelligente politische Inhalte. Deutschland, frohlocke! Die Schmach, ein Deutscher zu sein, hat ein Ende!<\/p>\n<p>(Leider mu\u00dfte der Entwurf zensiert werden, um staatlicher Verfolgung und der Schmach des Urteiles zu entgehen. Wir verlassen uns nicht darauf, da\u00df Satyre alles d\u00fcrfen.)<br \/>\n<!--more--><br \/>\n<%image(20060830-Neue Fahne des Deutschen Reiches.JPG|360|216|Neue Fahne des Deutschen Reiches)%><\/p>\n","protected":false},"excerpt":{"rendered":"<p>Im Laufe der vergangenen FIFAwm mu\u00dfte sich das Deutsche Reich einem \u00fcberbrodelnden nationalistischen Mob ausgesetzt sehen, der noch die hintersten Winkel des Reiches in ein schwarz-rot-goldenes Flaggenmeer von nahtloser Br\u00e4une verwandelte, sich selbst frenetisch feierte und am Ende doch nur mit dem 3. Platz sich begn\u00fcgen mu\u00dfte. Die Heldin der Stunde war damals die s\u00e4chsische&#8230; <a href=\"https:\/\/mentalschnupfen.org\/?p=202\" class=\"more-link\">Continue reading <span class=\"screen-reader-text\">Neue Fahne f\u00fcr das Reich<\/span><\/a><\/p>\n","protected":false},"author":2,"featured_media":0,"comment_status":"open","ping_status":"open","sticky":false,"template":"","format":"standard","meta":[],"categories":[1],"tags":[],"_links":{"self":[{"href":"https:\/\/mentalschnupfen.org\/index.php?rest_route=\/wp\/v2\/posts\/202"}],"collection":[{"href":"https:\/\/mentalschnupfen.org\/index.php?rest_route=\/wp\/v2\/posts"}],"about":[{"href":"https:\/\/mentalschnupfen.org\/index.php?rest_route=\/wp\/v2\/types\/post"}],"author":[{"embeddable":true,"href":"https:\/\/mentalschnupfen.org\/index.php?rest_route=\/wp\/v2\/users\/2"}],"replies":[{"embeddable":true,"href":"https:\/\/mentalschnupfen.org\/index.php?rest_route=%2Fwp%2Fv2%2Fcomments&post=202"}],"version-history":[{"count":0,"href":"https:\/\/mentalschnupfen.org\/index.php?rest_route=\/wp\/v2\/posts\/202\/revisions"}],"wp:attachment":[{"href":"https:\/\/mentalschnupfen.org\/index.php?rest_route=%2Fwp%2Fv2%2Fmedia&parent=202"}],"wp:term":[{"taxonomy":"category","embeddable":true,"href":"https:\/\/mentalschnupfen.org\/index.php?rest_route=%2Fwp%2Fv2%2Fcategories&post=202"},{"taxonomy":"post_tag","embeddable":true,"href":"https:\/\/mentalschnupfen.org\/index.php?rest_route=%2Fwp%2Fv2%2Ftags&post=202"}],"curies":[{"name":"wp","href":"https:\/\/api.w.org\/{rel}","templated":true}]}}