{"id":124,"date":"2006-02-25T04:15:32","date_gmt":"2006-02-25T04:15:32","guid":{"rendered":""},"modified":"2010-03-13T14:24:32","modified_gmt":"2010-03-13T13:24:32","slug":"billig-ist-nicht-teuer-genug","status":"publish","type":"post","link":"https:\/\/mentalschnupfen.org\/?p=124","title":{"rendered":"Billig ist nicht teuer genug"},"content":{"rendered":"<p>Ich versuche, so oft wie m\u00f6glich fair gehandelten Kaffee zu kaufen. Mir geht n\u00e4mlich wenig so sehr auf die Kl\u00f6ten, wie Leute, die sich zwar lautstark \u00fcber den katastrophalen Zustand unserer Welt beschweren, aber gleichzeitig fest davon \u00fcberzeugt sind, jede Ver\u00e4nderung dieses Zustandes m\u00fcsse nicht bei ihnen, sondern bei der Deutschen Bank, Nestl\u00e9 und Benz beginnen.<br \/>\nAber das mit dem fair gehandelten Kaffee klappt bei mir dann leider auch nicht immer. Manchmal \u00fcbermannen einen ja kurzfristig Egoismus und Sparsucht, und wenn man dann noch in einem Supermarkt steht, der ohnehin keinen fair gehandelten Kaffee im Angebot hat, dann tut man schonmal seltsame Dinge und kauft z.B. Kaffee f\u00fcr 2,59 Euro (das Pfund, versteht sich). Diese Kleinm\u00fctigkeit wird aber auch umgehend bestraft, weil man die n\u00e4chsten anderthalb Wochen st\u00e4ndig vor dem schlechtesten Kaffee sitzen darf, der einem jemals untergekommen ist.<br \/>\nWie bl\u00f6d mu\u00df man auch sein?<\/p>\n","protected":false},"excerpt":{"rendered":"<p>Ich versuche, so oft wie m\u00f6glich fair gehandelten Kaffee zu kaufen. Mir geht n\u00e4mlich wenig so sehr auf die Kl\u00f6ten, wie Leute, die sich zwar lautstark \u00fcber den katastrophalen Zustand unserer Welt beschweren, aber gleichzeitig fest davon \u00fcberzeugt sind, jede Ver\u00e4nderung dieses Zustandes m\u00fcsse nicht bei ihnen, sondern bei der Deutschen Bank, Nestl\u00e9 und Benz&#8230; <a href=\"https:\/\/mentalschnupfen.org\/?p=124\" class=\"more-link\">Continue reading <span class=\"screen-reader-text\">Billig ist nicht teuer genug<\/span><\/a><\/p>\n","protected":false},"author":2,"featured_media":0,"comment_status":"open","ping_status":"open","sticky":false,"template":"","format":"standard","meta":[],"categories":[1],"tags":[],"_links":{"self":[{"href":"https:\/\/mentalschnupfen.org\/index.php?rest_route=\/wp\/v2\/posts\/124"}],"collection":[{"href":"https:\/\/mentalschnupfen.org\/index.php?rest_route=\/wp\/v2\/posts"}],"about":[{"href":"https:\/\/mentalschnupfen.org\/index.php?rest_route=\/wp\/v2\/types\/post"}],"author":[{"embeddable":true,"href":"https:\/\/mentalschnupfen.org\/index.php?rest_route=\/wp\/v2\/users\/2"}],"replies":[{"embeddable":true,"href":"https:\/\/mentalschnupfen.org\/index.php?rest_route=%2Fwp%2Fv2%2Fcomments&post=124"}],"version-history":[{"count":0,"href":"https:\/\/mentalschnupfen.org\/index.php?rest_route=\/wp\/v2\/posts\/124\/revisions"}],"wp:attachment":[{"href":"https:\/\/mentalschnupfen.org\/index.php?rest_route=%2Fwp%2Fv2%2Fmedia&parent=124"}],"wp:term":[{"taxonomy":"category","embeddable":true,"href":"https:\/\/mentalschnupfen.org\/index.php?rest_route=%2Fwp%2Fv2%2Fcategories&post=124"},{"taxonomy":"post_tag","embeddable":true,"href":"https:\/\/mentalschnupfen.org\/index.php?rest_route=%2Fwp%2Fv2%2Ftags&post=124"}],"curies":[{"name":"wp","href":"https:\/\/api.w.org\/{rel}","templated":true}]}}