{"id":121,"date":"2006-02-24T09:47:09","date_gmt":"2006-02-24T09:47:09","guid":{"rendered":""},"modified":"2010-03-13T14:24:32","modified_gmt":"2010-03-13T13:24:32","slug":"vogelgrippe-ii","status":"publish","type":"post","link":"https:\/\/mentalschnupfen.org\/?p=121","title":{"rendered":"Vogelgrippe II"},"content":{"rendered":"<p><a href=\"http:\/\/myblog.de\/joshua\/art\/2964012\">Joshua<\/a> f\u00fchlte sich durch diese Seite offenbar zu einem Gedicht \u00fcber einen Vogel inspiriert, wollte aber dennoch keines schreiben. Deswegen habe ich das in seinen Kommentaren \u00fcbernommen. Und da nach all den unappetitlichen Geschichten \u00fcber dramatische Vergewaltigungen, Holocaustleugner, akademische Leseverweigerer, Schweineblut, zweitklassige Staatsb\u00fcrger und sogar Hammerfall etwas sch\u00f6ngeistige Poesie genau das Richtige sein d\u00fcrfte, um auch wirklich den letzten Leser zu vertreiben, pr\u00e4sentiere ich das Produkt auch an dieser Stelle dem abgeneigten Publikum. Danke f\u00fcr Ihr Unverst\u00e4ndnis:<\/p>\n<p>\nDas V\u00f6glein auf dem Ast sieht traurig zu mir her <br \/>\nUnd niest aus voller Brust das Virus sich heraus; <br \/>\nSieht kr\u00e4nklich bis zum Tod, recht zu bedauern aus <br \/>\nUnd spricht, mit letzter Kraft, mich an: \"Ich leide sehr!\" <\/p>\n<p>Ich f\u00fchle seinen Schmerz, die Brust wird mir so schwer <br \/>\nUnd mit gesenktem Blick geh schnell ich nun nach Haus, <br \/>\nBring mich in Sicherheit und schau zum Fenster raus, <br \/>\nZum V\u00f6glein schau ich hin: Des' Blick wird langsam leer. <\/p>\n<p>Viel Zeit geht nicht dahin, schon geht's auch mir nicht gut, <br \/>\nEin Nebel, grau und dumpf, umwabert meine Seele <br \/>\nUnd meinen schwachen Leib erfa\u00dft die Fieberglut. <br \/>\nEin R\u00f6cheln, rauh und stumpf, entsteigt aus meiner Kehle - <br \/>\nDas Fieber steigt leicht an! Und jetzt gerinnt mein Blut.<br \/>\nWenn ihr euch morgen trefft, entschuldigt, da\u00df ich fehle!<\/p>\n<p><b>Nachtrag<\/b>: Die Seuche und die dahinterstehende Verschw\u00f6rung wurden und werden <a href=\"http:\/\/www.spreeblick.com\/2006\/02\/23\/vogelgrippen-verschworungstheorien\/\">bei Spreeblick<\/a> ausf\u00fchrlich diskutiert.<\/p>\n","protected":false},"excerpt":{"rendered":"<p>Joshua f\u00fchlte sich durch diese Seite offenbar zu einem Gedicht \u00fcber einen Vogel inspiriert, wollte aber dennoch keines schreiben. Deswegen habe ich das in seinen Kommentaren \u00fcbernommen. Und da nach all den unappetitlichen Geschichten \u00fcber dramatische Vergewaltigungen, Holocaustleugner, akademische Leseverweigerer, Schweineblut, zweitklassige Staatsb\u00fcrger und sogar Hammerfall etwas sch\u00f6ngeistige Poesie genau das Richtige sein d\u00fcrfte, um&#8230; <a href=\"https:\/\/mentalschnupfen.org\/?p=121\" class=\"more-link\">Continue reading <span class=\"screen-reader-text\">Vogelgrippe II<\/span><\/a><\/p>\n","protected":false},"author":2,"featured_media":0,"comment_status":"open","ping_status":"open","sticky":false,"template":"","format":"standard","meta":[],"categories":[1],"tags":[],"_links":{"self":[{"href":"https:\/\/mentalschnupfen.org\/index.php?rest_route=\/wp\/v2\/posts\/121"}],"collection":[{"href":"https:\/\/mentalschnupfen.org\/index.php?rest_route=\/wp\/v2\/posts"}],"about":[{"href":"https:\/\/mentalschnupfen.org\/index.php?rest_route=\/wp\/v2\/types\/post"}],"author":[{"embeddable":true,"href":"https:\/\/mentalschnupfen.org\/index.php?rest_route=\/wp\/v2\/users\/2"}],"replies":[{"embeddable":true,"href":"https:\/\/mentalschnupfen.org\/index.php?rest_route=%2Fwp%2Fv2%2Fcomments&post=121"}],"version-history":[{"count":0,"href":"https:\/\/mentalschnupfen.org\/index.php?rest_route=\/wp\/v2\/posts\/121\/revisions"}],"wp:attachment":[{"href":"https:\/\/mentalschnupfen.org\/index.php?rest_route=%2Fwp%2Fv2%2Fmedia&parent=121"}],"wp:term":[{"taxonomy":"category","embeddable":true,"href":"https:\/\/mentalschnupfen.org\/index.php?rest_route=%2Fwp%2Fv2%2Fcategories&post=121"},{"taxonomy":"post_tag","embeddable":true,"href":"https:\/\/mentalschnupfen.org\/index.php?rest_route=%2Fwp%2Fv2%2Ftags&post=121"}],"curies":[{"name":"wp","href":"https:\/\/api.w.org\/{rel}","templated":true}]}}