{"id":119,"date":"2006-02-23T21:48:57","date_gmt":"2006-02-23T21:48:57","guid":{"rendered":""},"modified":"2010-03-13T14:24:32","modified_gmt":"2010-03-13T13:24:32","slug":"meine-meinung-muss-frei-sein-was-kummern-mich-die-anderen","status":"publish","type":"post","link":"https:\/\/mentalschnupfen.org\/?p=119","title":{"rendered":"Meine Meinung mu\u00df frei sein, was k\u00fcmmern mich die anderen?"},"content":{"rendered":"<p><cite>Gibt es \u00fcberhaupt eine fundierte Entscheidungsgrundlage f\u00fcr die Einschr\u00e4nkung der Meinungsfreiheit, etwa einen Kriterienkatalog, den man auf alle Situation anwenden kann? Ich glaube nein. Man k\u00f6nnte etwa sagen, Meinungsfreiheit d\u00fcrfe die Empfindungen von Menschen nicht verletzten. Dann kann man zwar die Karikaturen ablehnen und Irving in einen \u00f6sterreichischen Knast schicken. Man h\u00e4tte dann aber auch Martin Luther King unter Zensur stellen m\u00fcssen. Am Ende verheddern wir uns immer in dem gleichen Widerspruch. Wir akzeptieren nur die Meinungsfreiheit Gleichgesinnter, oder wir argumentieren politisch. Beides bedeutet, dass wir die Meinungsfreiheit an und f\u00fcr sich nicht akzeptieren.<\/cite><br \/>\n[<a href=\"http:\/\/www.ftd.de\/me\/cl\/50160.html?eid=64\">Wolfgang M\u00fcnchau in der FTD<\/a>]<\/p>\n<p>Sehr lesenswerter Artikel.<\/p>\n","protected":false},"excerpt":{"rendered":"<p>Gibt es \u00fcberhaupt eine fundierte Entscheidungsgrundlage f\u00fcr die Einschr\u00e4nkung der Meinungsfreiheit, etwa einen Kriterienkatalog, den man auf alle Situation anwenden kann? Ich glaube nein. Man k\u00f6nnte etwa sagen, Meinungsfreiheit d\u00fcrfe die Empfindungen von Menschen nicht verletzten. Dann kann man zwar die Karikaturen ablehnen und Irving in einen \u00f6sterreichischen Knast schicken. Man h\u00e4tte dann aber auch&#8230; <a href=\"https:\/\/mentalschnupfen.org\/?p=119\" class=\"more-link\">Continue reading <span class=\"screen-reader-text\">Meine Meinung mu\u00df frei sein, was k\u00fcmmern mich die anderen?<\/span><\/a><\/p>\n","protected":false},"author":2,"featured_media":0,"comment_status":"open","ping_status":"open","sticky":false,"template":"","format":"standard","meta":[],"categories":[1],"tags":[],"_links":{"self":[{"href":"https:\/\/mentalschnupfen.org\/index.php?rest_route=\/wp\/v2\/posts\/119"}],"collection":[{"href":"https:\/\/mentalschnupfen.org\/index.php?rest_route=\/wp\/v2\/posts"}],"about":[{"href":"https:\/\/mentalschnupfen.org\/index.php?rest_route=\/wp\/v2\/types\/post"}],"author":[{"embeddable":true,"href":"https:\/\/mentalschnupfen.org\/index.php?rest_route=\/wp\/v2\/users\/2"}],"replies":[{"embeddable":true,"href":"https:\/\/mentalschnupfen.org\/index.php?rest_route=%2Fwp%2Fv2%2Fcomments&post=119"}],"version-history":[{"count":0,"href":"https:\/\/mentalschnupfen.org\/index.php?rest_route=\/wp\/v2\/posts\/119\/revisions"}],"wp:attachment":[{"href":"https:\/\/mentalschnupfen.org\/index.php?rest_route=%2Fwp%2Fv2%2Fmedia&parent=119"}],"wp:term":[{"taxonomy":"category","embeddable":true,"href":"https:\/\/mentalschnupfen.org\/index.php?rest_route=%2Fwp%2Fv2%2Fcategories&post=119"},{"taxonomy":"post_tag","embeddable":true,"href":"https:\/\/mentalschnupfen.org\/index.php?rest_route=%2Fwp%2Fv2%2Ftags&post=119"}],"curies":[{"name":"wp","href":"https:\/\/api.w.org\/{rel}","templated":true}]}}