{"id":109,"date":"2006-02-14T12:51:23","date_gmt":"2006-02-14T12:51:23","guid":{"rendered":""},"modified":"2010-03-13T14:24:32","modified_gmt":"2010-03-13T13:24:32","slug":"gunters-welt-living-the-paradox","status":"publish","type":"post","link":"https:\/\/mentalschnupfen.org\/?p=109","title":{"rendered":"G\u00fcnters Welt: Living the Paradox"},"content":{"rendered":"<p><a href=\"http:\/\/www.faz.net\/s\/Rub9DDF988597D94E1689817E2BC0EC289A\/Doc~EAB47A199CEB748EF9E770105548F8D95~ATpl~Ecommon~Scontent.html\">Frank Schirrmacher in der FAZ:<\/a><\/p>\n<p><cite>G\u00fcnter Grass, in einem erstaunlichen Interview in &#8222;El Pais&#8221;, redete sogar von dem Kampf zweier &#8222;Unkulturen&#8221; und dekretierte das Ende der Pressefreiheit: &#8222;Die Presse selbst ist Teil enormer Unternehmensgruppen, welche die \u00f6ffentliche Meinung monopolisieren. Wir haben das Recht verloren, unter dem Recht auf freie Meinungs\u00e4u\u00dferung Schutz zu suchen.&#8221; Das war, wohlgemerkt, ein Gespr\u00e4ch mit einem der gr\u00f6\u00dften Zeitungsh\u00e4user Spaniens, das von einem der gr\u00f6\u00dften Zeitungsh\u00e4user Europas nachgedruckt wurde.<\/cite><\/p>\n<p><a href=\"http:\/\/mentalschnupfen.org\/item\/106\">Siehe<\/a><\/p>\n","protected":false},"excerpt":{"rendered":"<p>Frank Schirrmacher in der FAZ: G\u00fcnter Grass, in einem erstaunlichen Interview in &#8222;El Pais&#8221;, redete sogar von dem Kampf zweier &#8222;Unkulturen&#8221; und dekretierte das Ende der Pressefreiheit: &#8222;Die Presse selbst ist Teil enormer Unternehmensgruppen, welche die \u00f6ffentliche Meinung monopolisieren. Wir haben das Recht verloren, unter dem Recht auf freie Meinungs\u00e4u\u00dferung Schutz zu suchen.&#8221; Das war,&#8230; <a href=\"https:\/\/mentalschnupfen.org\/?p=109\" class=\"more-link\">Continue reading <span class=\"screen-reader-text\">G\u00fcnters Welt: Living the Paradox<\/span><\/a><\/p>\n","protected":false},"author":2,"featured_media":0,"comment_status":"open","ping_status":"open","sticky":false,"template":"","format":"standard","meta":[],"categories":[1],"tags":[],"_links":{"self":[{"href":"https:\/\/mentalschnupfen.org\/index.php?rest_route=\/wp\/v2\/posts\/109"}],"collection":[{"href":"https:\/\/mentalschnupfen.org\/index.php?rest_route=\/wp\/v2\/posts"}],"about":[{"href":"https:\/\/mentalschnupfen.org\/index.php?rest_route=\/wp\/v2\/types\/post"}],"author":[{"embeddable":true,"href":"https:\/\/mentalschnupfen.org\/index.php?rest_route=\/wp\/v2\/users\/2"}],"replies":[{"embeddable":true,"href":"https:\/\/mentalschnupfen.org\/index.php?rest_route=%2Fwp%2Fv2%2Fcomments&post=109"}],"version-history":[{"count":0,"href":"https:\/\/mentalschnupfen.org\/index.php?rest_route=\/wp\/v2\/posts\/109\/revisions"}],"wp:attachment":[{"href":"https:\/\/mentalschnupfen.org\/index.php?rest_route=%2Fwp%2Fv2%2Fmedia&parent=109"}],"wp:term":[{"taxonomy":"category","embeddable":true,"href":"https:\/\/mentalschnupfen.org\/index.php?rest_route=%2Fwp%2Fv2%2Fcategories&post=109"},{"taxonomy":"post_tag","embeddable":true,"href":"https:\/\/mentalschnupfen.org\/index.php?rest_route=%2Fwp%2Fv2%2Ftags&post=109"}],"curies":[{"name":"wp","href":"https:\/\/api.w.org\/{rel}","templated":true}]}}